{"id":691,"date":"2021-10-25T17:30:34","date_gmt":"2021-10-25T15:30:34","guid":{"rendered":"https:\/\/adler-fanclubs-aktiv.de\/?p=691"},"modified":"2021-10-25T17:30:37","modified_gmt":"2021-10-25T15:30:37","slug":"3-afca-sitzung-2021","status":"publish","type":"post","link":"https:\/\/adler-fanclubs-aktiv.de\/?p=691","title":{"rendered":"3. AFCA  &#8211; Sitzung 2021"},"content":{"rendered":"\n<p>Hi Folks,<\/p>\n\n\n\n<p>unsere n\u00e4chste Sitzung steht am 28.10.2021 um 19:30 Uhr an. Wir treffen uns wie immer im\u00a0<a rel=\"noreferrer noopener\" href=\"https:\/\/ristorante-pizzeria-italiano.metro.rest\/?lang=de\" target=\"_blank\">https:\/\/ristorante-pizzeria-italiano.metro.rest\/?lang=de\u00a0<\/a>Sportpark Waldhof Mannheim B\u00f6hringer Str 5.<\/p>\n\n\n\n<p>Auf der Agenda sind dieses Mal wichtige Entscheidungen:<\/p>\n\n\n\n<ol class=\"wp-block-list\"><li>Begr\u00fcssung und Pr\u00fcfung der Beschlussf\u00e4higkeit<\/li><li>R\u00fcckfragen zum letzten Protokoll?<\/li><li>Feststellung der Beschlussf\u00e4higkeit <\/li><li>Beschlussfassung zur Satzungs\u00e4nderung (Blockweise nach Satzungs\u00e4nderungsvorschlag vom 23.09.2021)<\/li><li>Wahl des neuen Sprechergremiums bis Mai 2023 (Kurzvorstellung der Kandidaten und anschliessende Abstimmung)<\/li><li>Verbesserung der Kommunikation &#8211; Gruppe Sprecher und Vorstand<\/li><li>Sonstiges<\/li><\/ol>\n\n\n\n<p>Ich freue mich auf ein zahlreiches Erscheinen.<\/p>\n\n\n\n<p>Viele Gr\u00fc\u00dfe Falk<\/p>\n","protected":false},"excerpt":{"rendered":"<p>Hi Folks, unsere n\u00e4chste Sitzung steht am 28.10.2021 um 19:30 Uhr an. Wir treffen uns wie immer im\u00a0https:\/\/ristorante-pizzeria-italiano.metro.rest\/?lang=de\u00a0Sportpark Waldhof Mannheim<\/p>\n","protected":false},"author":1,"featured_media":432,"comment_status":"open","ping_status":"closed","sticky":false,"template":"","format":"standard","meta":{"footnotes":""},"categories":[6],"tags":[],"class_list":["post-691","post","type-post","status-publish","format-standard","has-post-thumbnail","hentry","category-news"],"_links":{"self":[{"href":"https:\/\/adler-fanclubs-aktiv.de\/index.php?rest_route=\/wp\/v2\/posts\/691","targetHints":{"allow":["GET"]}}],"collection":[{"href":"https:\/\/adler-fanclubs-aktiv.de\/index.php?rest_route=\/wp\/v2\/posts"}],"about":[{"href":"https:\/\/adler-fanclubs-aktiv.de\/index.php?rest_route=\/wp\/v2\/types\/post"}],"author":[{"embeddable":true,"href":"https:\/\/adler-fanclubs-aktiv.de\/index.php?rest_route=\/wp\/v2\/users\/1"}],"replies":[{"embeddable":true,"href":"https:\/\/adler-fanclubs-aktiv.de\/index.php?rest_route=%2Fwp%2Fv2%2Fcomments&post=691"}],"version-history":[{"count":1,"href":"https:\/\/adler-fanclubs-aktiv.de\/index.php?rest_route=\/wp\/v2\/posts\/691\/revisions"}],"predecessor-version":[{"id":692,"href":"https:\/\/adler-fanclubs-aktiv.de\/index.php?rest_route=\/wp\/v2\/posts\/691\/revisions\/692"}],"wp:featuredmedia":[{"embeddable":true,"href":"https:\/\/adler-fanclubs-aktiv.de\/index.php?rest_route=\/wp\/v2\/media\/432"}],"wp:attachment":[{"href":"https:\/\/adler-fanclubs-aktiv.de\/index.php?rest_route=%2Fwp%2Fv2%2Fmedia&parent=691"}],"wp:term":[{"taxonomy":"category","embeddable":true,"href":"https:\/\/adler-fanclubs-aktiv.de\/index.php?rest_route=%2Fwp%2Fv2%2Fcategories&post=691"},{"taxonomy":"post_tag","embeddable":true,"href":"https:\/\/adler-fanclubs-aktiv.de\/index.php?rest_route=%2Fwp%2Fv2%2Ftags&post=691"}],"curies":[{"name":"wp","href":"https:\/\/api.w.org\/{rel}","templated":true}]}}