{"id":569,"date":"2019-07-11T09:43:23","date_gmt":"2019-07-11T07:43:23","guid":{"rendered":"http:\/\/adler-fanclubs-aktiv.de\/?p=569"},"modified":"2019-07-11T09:43:25","modified_gmt":"2019-07-11T07:43:25","slug":"eishockeysommerloch-nicht-ganz","status":"publish","type":"post","link":"https:\/\/adler-fanclubs-aktiv.de\/?p=569","title":{"rendered":"Eishockeysommerloch &#8211; nicht ganz"},"content":{"rendered":"\n<p>Hi Folks des gepflegten Kufensports (mit Schl\u00e4ger und schwarzem Kobold),<\/p>\n\n\n\n<p>Das Sommerloch hat uns fest im Griff und dennoch hat sich einiges bewegt und die neue Saison wirft ihre Schatten voraus. Nachdem das Spielerkarussell diesseits und jenseits des gro\u00dfen Teiches ordentlich gedreht hat sind inzwischen  die neuen Spielpl\u00e4ne f\u00fcr die CHL und die n\u00e4chste Saison ver\u00f6ffentlicht. Die Fanclubs des AFCA sind bereits fleissig an der Planung f\u00fcr die ersten Busse, um unsere Mannschaft Ausw\u00e4rts zu begleiten.\u00a0<\/p>\n\n\n\n<p>W\u00e4hrend des Sommerlochs waren wir als AFCA auch nicht unt\u00e4tig und haben auf dem Hoffest der Adler Mannheim zur Freunde von Gro\u00df und Klein kostenlos mit euch die Zeit vertrieben.\u00a0<\/p>\n\n\n\n<p>Mit insgesamt drei Pavillons haben wir vier Spiele f\u00fcr kleine und gro\u00dfe Kinder angeboten.&nbsp;<\/p>\n\n\n\n<p>So konntet ihr bei uns<\/p>\n\n\n\n<ul class=\"wp-block-list\"><li>Dosenwerfen auf Red Bull Dosen<\/li><li>Mit Tischtennisb\u00e4llen in die blau wei\u00df roten Mulden der eierpappen zielen;<\/li><li>Erbsen mit einem Fleischklopfer, welche durch ein Rohr rollten, treffen<\/li><\/ul>\n\n\n\n<p>und brennende Teelichter mit Wasserpistolen l\u00f6schen<\/p>\n\n\n\n<p>Wir fanden es war eine gelungene Veranstaltung f\u00fcr Jung und Alt. Wir hatten zusammen sehr viel Spa\u00df und die Kinder kamen mehrmals zum Stand auch weil es zur Belohnung etwas S\u00fc\u00dfes in verschiedenen Varianten gab.&nbsp;<\/p>\n\n\n\n<p>Noch 22 mal schlafen, dann ist BabIt (Boys are Back in Town) und dann gehts im August auch schon wieder ans Eis.<\/p>\n\n\n\n<figure class=\"wp-block-image\"><img loading=\"lazy\" decoding=\"async\" width=\"1024\" height=\"497\" src=\"http:\/\/adler-fanclubs-aktiv.de\/wp-content\/uploads\/2019\/07\/WhatsApp-Image-2019-06-23-at-12.09.38-1024x497.jpeg\" alt=\"\" class=\"wp-image-572\" srcset=\"https:\/\/adler-fanclubs-aktiv.de\/wp-content\/uploads\/2019\/07\/WhatsApp-Image-2019-06-23-at-12.09.38-1024x497.jpeg 1024w, https:\/\/adler-fanclubs-aktiv.de\/wp-content\/uploads\/2019\/07\/WhatsApp-Image-2019-06-23-at-12.09.38-300x146.jpeg 300w, https:\/\/adler-fanclubs-aktiv.de\/wp-content\/uploads\/2019\/07\/WhatsApp-Image-2019-06-23-at-12.09.38-768x373.jpeg 768w, https:\/\/adler-fanclubs-aktiv.de\/wp-content\/uploads\/2019\/07\/WhatsApp-Image-2019-06-23-at-12.09.38.jpeg 1600w\" sizes=\"auto, (max-width: 1024px) 100vw, 1024px\" \/><\/figure>\n\n\n\n<figure class=\"wp-block-image\"><img loading=\"lazy\" decoding=\"async\" width=\"1024\" height=\"497\" src=\"http:\/\/adler-fanclubs-aktiv.de\/wp-content\/uploads\/2019\/07\/WhatsApp-Image-2019-06-23-at-12.09.41-1024x497.jpeg\" alt=\"\" class=\"wp-image-574\" srcset=\"https:\/\/adler-fanclubs-aktiv.de\/wp-content\/uploads\/2019\/07\/WhatsApp-Image-2019-06-23-at-12.09.41-1024x497.jpeg 1024w, https:\/\/adler-fanclubs-aktiv.de\/wp-content\/uploads\/2019\/07\/WhatsApp-Image-2019-06-23-at-12.09.41-300x146.jpeg 300w, https:\/\/adler-fanclubs-aktiv.de\/wp-content\/uploads\/2019\/07\/WhatsApp-Image-2019-06-23-at-12.09.41-768x373.jpeg 768w, https:\/\/adler-fanclubs-aktiv.de\/wp-content\/uploads\/2019\/07\/WhatsApp-Image-2019-06-23-at-12.09.41.jpeg 1600w\" sizes=\"auto, (max-width: 1024px) 100vw, 1024px\" \/><\/figure>\n\n\n\n<figure class=\"wp-block-image\"><img loading=\"lazy\" decoding=\"async\" width=\"1024\" height=\"497\" src=\"http:\/\/adler-fanclubs-aktiv.de\/wp-content\/uploads\/2019\/07\/WhatsApp-Image-2019-06-23-at-12.09.35-1024x497.jpeg\" alt=\"\" class=\"wp-image-570\" srcset=\"https:\/\/adler-fanclubs-aktiv.de\/wp-content\/uploads\/2019\/07\/WhatsApp-Image-2019-06-23-at-12.09.35-1024x497.jpeg 1024w, https:\/\/adler-fanclubs-aktiv.de\/wp-content\/uploads\/2019\/07\/WhatsApp-Image-2019-06-23-at-12.09.35-300x146.jpeg 300w, https:\/\/adler-fanclubs-aktiv.de\/wp-content\/uploads\/2019\/07\/WhatsApp-Image-2019-06-23-at-12.09.35-768x373.jpeg 768w, https:\/\/adler-fanclubs-aktiv.de\/wp-content\/uploads\/2019\/07\/WhatsApp-Image-2019-06-23-at-12.09.35.jpeg 1600w\" sizes=\"auto, (max-width: 1024px) 100vw, 1024px\" \/><\/figure>\n","protected":false},"excerpt":{"rendered":"<p>Hi Folks des gepflegten Kufensports (mit Schl\u00e4ger und schwarzem Kobold), Das Sommerloch hat uns fest im Griff und dennoch hat<\/p>\n","protected":false},"author":1,"featured_media":573,"comment_status":"open","ping_status":"closed","sticky":false,"template":"","format":"standard","meta":{"footnotes":""},"categories":[6],"tags":[],"class_list":["post-569","post","type-post","status-publish","format-standard","has-post-thumbnail","hentry","category-news"],"_links":{"self":[{"href":"https:\/\/adler-fanclubs-aktiv.de\/index.php?rest_route=\/wp\/v2\/posts\/569","targetHints":{"allow":["GET"]}}],"collection":[{"href":"https:\/\/adler-fanclubs-aktiv.de\/index.php?rest_route=\/wp\/v2\/posts"}],"about":[{"href":"https:\/\/adler-fanclubs-aktiv.de\/index.php?rest_route=\/wp\/v2\/types\/post"}],"author":[{"embeddable":true,"href":"https:\/\/adler-fanclubs-aktiv.de\/index.php?rest_route=\/wp\/v2\/users\/1"}],"replies":[{"embeddable":true,"href":"https:\/\/adler-fanclubs-aktiv.de\/index.php?rest_route=%2Fwp%2Fv2%2Fcomments&post=569"}],"version-history":[{"count":1,"href":"https:\/\/adler-fanclubs-aktiv.de\/index.php?rest_route=\/wp\/v2\/posts\/569\/revisions"}],"predecessor-version":[{"id":575,"href":"https:\/\/adler-fanclubs-aktiv.de\/index.php?rest_route=\/wp\/v2\/posts\/569\/revisions\/575"}],"wp:featuredmedia":[{"embeddable":true,"href":"https:\/\/adler-fanclubs-aktiv.de\/index.php?rest_route=\/wp\/v2\/media\/573"}],"wp:attachment":[{"href":"https:\/\/adler-fanclubs-aktiv.de\/index.php?rest_route=%2Fwp%2Fv2%2Fmedia&parent=569"}],"wp:term":[{"taxonomy":"category","embeddable":true,"href":"https:\/\/adler-fanclubs-aktiv.de\/index.php?rest_route=%2Fwp%2Fv2%2Fcategories&post=569"},{"taxonomy":"post_tag","embeddable":true,"href":"https:\/\/adler-fanclubs-aktiv.de\/index.php?rest_route=%2Fwp%2Fv2%2Ftags&post=569"}],"curies":[{"name":"wp","href":"https:\/\/api.w.org\/{rel}","templated":true}]}}