{"id":544,"date":"2019-05-23T19:30:46","date_gmt":"2019-05-23T17:30:46","guid":{"rendered":"http:\/\/adler-fanclubs-aktiv.de\/?p=544"},"modified":"2019-05-22T14:16:49","modified_gmt":"2019-05-22T12:16:49","slug":"happy-birthday-afca","status":"publish","type":"post","link":"https:\/\/adler-fanclubs-aktiv.de\/?p=544","title":{"rendered":"Happy Birthday&#8230; AFCA"},"content":{"rendered":"\n<p>Zeit, Geburtstag zu feiern\u2026<\/p>\n\n\n\n<p>Ja, wir haben Geburtstag und auch wenn es der erste ist, so sind wir stolz wie Bolle, was alles im letzten Jahr von uns bewegt wurde.&nbsp;<\/p>\n\n\n\n<p><strong>Wir bewegen\u2026<\/strong><\/p>\n\n\n\n<p>Nehmen wir mal das Thema Bewegen, dazu f\u00e4llt uns Fans ein, dass wir uns zu den Ausw\u00e4rtsspielen&nbsp; bewegen und das haben wir in der Meistersaison 2018\/2019 in Mengen. Mit mehr als 20 Bussen haben wir Fans zu Ausw\u00e4rtsspielen gebracht und wie ihr alle wisst machen wir das mit gro\u00dfer Leidenschaft und nicht nur f\u00fcr die Mitgliedsvereine der AFCA.<\/p>\n\n\n\n<p><strong>Wir backen\u2026<\/strong><\/p>\n\n\n\n<p>Wir bekamen im letzten Jahr auch vieles andere gebacken, so beispielsweise ca. 150 Kuchen f\u00fcr unsere beiden Kuchenst\u00e4nde in der SAP Arena. Danke an Matthias Binder und die Fanbeauftragten, dass wir da sein durften!<\/p>\n\n\n\n<p><strong>Wir helfen\u2026<\/strong><\/p>\n\n\n\n<p>Wir haben den lokalen Eishockeysport gef\u00f6rdert und als Helfer, Schiedsrichter, Zeitnehmer, Waffelb\u00e4cker, Br\u00f6tchenbeleger und Verk\u00e4ufer lokale Nachwuchsturniere unterst\u00fctzt, damit die Eltern ihren Kindern beim Sport zusehen k\u00f6nnen. Wir haben erneut mit der FANInitiative eine DKMS Typisierungsaktion in der Arena durchgef\u00fchrt und es wurde sogar ein echter Knochenmarkspender gefunden.<\/p>\n\n\n\n<p><strong>Wir treffen uns mit euch\u2026<\/strong><\/p>\n\n\n\n<p>Wir sind in unserem ersten Jahr gern Gastgeber f\u00fcr verschiedene Fantreffen gewesen, dabei soll das Minigolfturnier der H\u00e4rdschden, das Dartturnier der Meistertr\u00e4umer und das Gaudikegelturnier der Feuchten Banditen Erw\u00e4hnung finden. Danke an all unsere G\u00e4ste! (Diese aufzuz\u00e4hlen, w\u00fcrde den Rahmen sprengen.)<\/p>\n\n\n\n<p><strong>Wir sorgen f\u00fcr den Liebling der Saison!<\/strong><\/p>\n\n\n\n<p>Wo wir auch noch unterwegs sind ist z.B. die Ausrichtung der \u201eWahl zum Liebling der Saison\u201c durch den Fanclub Bully Tor und den Button Verkauf durch den Fanclub \u201eDie H\u00e4rdschde\u201c in der SAP Arena.<\/p>\n\n\n\n<p><strong>Wir helfen \u201eAdler Helfen Menschen\u201c<\/strong><\/p>\n\n\n\n<p>Wir sind gestartet, um die aktiven Fanclubs und deren St\u00e4rke und Energie f\u00fcr etwas Gutes im lokalen Sport und f\u00fcr gemeinn\u00fctzige Zwecke zu b\u00fcndeln und wir haben gutes getan. In Summe ca. 10.000 \u20ac f\u00fcr Adler Helfen Menschen gesammelt und das geht nur mit euch als Fans, die Kuchen kaufen und spenden und die sich ausreichend mit Buttons eindecken \ud83d\ude42<\/p>\n\n\n\n<p><strong>Wir danken EUCH!<\/strong><\/p>\n\n\n\n<p>Danke f\u00fcr euren Support und danke f\u00fcr das Gute in Euren Herzen.<\/p>\n\n\n\n<p>EURE AFCA\u2019ler<\/p>\n","protected":false},"excerpt":{"rendered":"<p>Zeit, Geburtstag zu feiern\u2026 Ja, wir haben Geburtstag und auch wenn es der erste ist, so sind wir stolz wie<\/p>\n","protected":false},"author":1,"featured_media":160,"comment_status":"open","ping_status":"closed","sticky":false,"template":"","format":"standard","meta":{"footnotes":""},"categories":[6],"tags":[],"class_list":["post-544","post","type-post","status-publish","format-standard","has-post-thumbnail","hentry","category-news"],"_links":{"self":[{"href":"https:\/\/adler-fanclubs-aktiv.de\/index.php?rest_route=\/wp\/v2\/posts\/544","targetHints":{"allow":["GET"]}}],"collection":[{"href":"https:\/\/adler-fanclubs-aktiv.de\/index.php?rest_route=\/wp\/v2\/posts"}],"about":[{"href":"https:\/\/adler-fanclubs-aktiv.de\/index.php?rest_route=\/wp\/v2\/types\/post"}],"author":[{"embeddable":true,"href":"https:\/\/adler-fanclubs-aktiv.de\/index.php?rest_route=\/wp\/v2\/users\/1"}],"replies":[{"embeddable":true,"href":"https:\/\/adler-fanclubs-aktiv.de\/index.php?rest_route=%2Fwp%2Fv2%2Fcomments&post=544"}],"version-history":[{"count":1,"href":"https:\/\/adler-fanclubs-aktiv.de\/index.php?rest_route=\/wp\/v2\/posts\/544\/revisions"}],"predecessor-version":[{"id":545,"href":"https:\/\/adler-fanclubs-aktiv.de\/index.php?rest_route=\/wp\/v2\/posts\/544\/revisions\/545"}],"wp:featuredmedia":[{"embeddable":true,"href":"https:\/\/adler-fanclubs-aktiv.de\/index.php?rest_route=\/wp\/v2\/media\/160"}],"wp:attachment":[{"href":"https:\/\/adler-fanclubs-aktiv.de\/index.php?rest_route=%2Fwp%2Fv2%2Fmedia&parent=544"}],"wp:term":[{"taxonomy":"category","embeddable":true,"href":"https:\/\/adler-fanclubs-aktiv.de\/index.php?rest_route=%2Fwp%2Fv2%2Fcategories&post=544"},{"taxonomy":"post_tag","embeddable":true,"href":"https:\/\/adler-fanclubs-aktiv.de\/index.php?rest_route=%2Fwp%2Fv2%2Ftags&post=544"}],"curies":[{"name":"wp","href":"https:\/\/api.w.org\/{rel}","templated":true}]}}