{"id":498,"date":"2019-01-25T13:25:29","date_gmt":"2019-01-25T12:25:29","guid":{"rendered":"http:\/\/adler-fanclubs-aktiv.de\/?p=498"},"modified":"2019-01-28T08:30:14","modified_gmt":"2019-01-28T07:30:14","slug":"9-sitzung-des-afca-am-31-01-2019","status":"publish","type":"post","link":"https:\/\/adler-fanclubs-aktiv.de\/?p=498","title":{"rendered":"9. Sitzung des AFCA am 31.01.2019"},"content":{"rendered":"\n<p>Hallo Freunde des AFCA,<\/p>\n\n\n\n<p>wir treffen uns das erste Mal dieses Jahr am 31.01.2019 um 19:30 im Sportpark Mannheim Waldhof und freuen uns auf euer zahlreiches Erscheinen.<\/p>\n\n\n\n<p>Agenda :<\/p>\n\n\n\n<p>Begr\u00fc\u00dfung&nbsp;<br>Tagesordnung<br>Nachwuchsf\u00f6rderung&nbsp;<br>Ausw\u00e4rtsfahrten<br>Playoffkarten<br>Fanclubparty<br>Veranstaltungen<br>Banner&nbsp;<br>Kommunikation AFCA<br>Verschiedenes<\/p>\n\n\n\n<p><\/p>\n","protected":false},"excerpt":{"rendered":"<p>Hallo Freunde des AFCA, wir treffen uns das erste Mal dieses Jahr am 31.01.2019 um 19:30 im Sportpark Mannheim Waldhof<\/p>\n","protected":false},"author":1,"featured_media":432,"comment_status":"open","ping_status":"closed","sticky":false,"template":"","format":"standard","meta":{"footnotes":""},"categories":[6],"tags":[],"class_list":["post-498","post","type-post","status-publish","format-standard","has-post-thumbnail","hentry","category-news"],"_links":{"self":[{"href":"https:\/\/adler-fanclubs-aktiv.de\/index.php?rest_route=\/wp\/v2\/posts\/498","targetHints":{"allow":["GET"]}}],"collection":[{"href":"https:\/\/adler-fanclubs-aktiv.de\/index.php?rest_route=\/wp\/v2\/posts"}],"about":[{"href":"https:\/\/adler-fanclubs-aktiv.de\/index.php?rest_route=\/wp\/v2\/types\/post"}],"author":[{"embeddable":true,"href":"https:\/\/adler-fanclubs-aktiv.de\/index.php?rest_route=\/wp\/v2\/users\/1"}],"replies":[{"embeddable":true,"href":"https:\/\/adler-fanclubs-aktiv.de\/index.php?rest_route=%2Fwp%2Fv2%2Fcomments&post=498"}],"version-history":[{"count":2,"href":"https:\/\/adler-fanclubs-aktiv.de\/index.php?rest_route=\/wp\/v2\/posts\/498\/revisions"}],"predecessor-version":[{"id":500,"href":"https:\/\/adler-fanclubs-aktiv.de\/index.php?rest_route=\/wp\/v2\/posts\/498\/revisions\/500"}],"wp:featuredmedia":[{"embeddable":true,"href":"https:\/\/adler-fanclubs-aktiv.de\/index.php?rest_route=\/wp\/v2\/media\/432"}],"wp:attachment":[{"href":"https:\/\/adler-fanclubs-aktiv.de\/index.php?rest_route=%2Fwp%2Fv2%2Fmedia&parent=498"}],"wp:term":[{"taxonomy":"category","embeddable":true,"href":"https:\/\/adler-fanclubs-aktiv.de\/index.php?rest_route=%2Fwp%2Fv2%2Fcategories&post=498"},{"taxonomy":"post_tag","embeddable":true,"href":"https:\/\/adler-fanclubs-aktiv.de\/index.php?rest_route=%2Fwp%2Fv2%2Ftags&post=498"}],"curies":[{"name":"wp","href":"https:\/\/api.w.org\/{rel}","templated":true}]}}